{"id":11990,"__str__":"Indica\u00e7\u00e3o n\u00ba 530 de 2022","link_detail_backend":"/materia/11990","metadata":{},"numero":530,"ano":2022,"numero_protocolo":null,"data_apresentacao":"2022-05-20","tipo_apresentacao":"E","data_publicacao":null,"numero_origem_externa":"","ano_origem_externa":null,"data_origem_externa":null,"apelido":"","dias_prazo":null,"data_fim_prazo":null,"em_tramitacao":false,"polemica":false,"objeto":"","complementar":false,"ementa":"INDICA QUE SEJA ENCAMINHADO OF\u00cdCIO \u00c0 CHEFE DO PODER EXECUTIVO MUNICIPAL DE IGARASSU, SRA. ELCIONE DA SILVA RAMOS PEDROZA BARBOSA, SOLICITANDO DA MESMA, ATRAV\u00c9S DA SECRETARIA COMPETENTE,\u00a0INSTITUI, NAS ESCOLAS MUNICIPAIS, A SEMANA DA VALORIZA\u00c7\u00c3O DAS MULHERES E MENINAS E DA PREVEN\u00c7\u00c3O E COMBATE AO ASS\u00c9DIO E \u00c0 VIOL\u00caNCIA DOM\u00c9STICA.","indexacao":"","observacao":"","resultado":"","texto_original":"http://sapl.igarassu.pe.leg.br/media/sapl/public/materialegislativa/2022/11990/indicacao-no530-2022-a_semana_da_valorizacao_das_mulheres_e_meninas_e_da_prevencao_e_combate_ao_assedio_e_a_violencia_domestica-erica.pdf","data_ultima_atualizacao":"2022-06-01T11:26:32.580364-03:00","ip":"177.177.130.72","ultima_edicao":"2022-06-01T11:26:32.451038-03:00","tipo":8,"regime_tramitacao":1,"tipo_origem_externa":null,"local_origem_externa":null,"user":53,"anexadas":[],"autores":[27]}