{"id":1201,"__str__":"Indica\u00e7\u00e3o n\u00ba 5 de 2008","link_detail_backend":"/materia/1201","metadata":{},"numero":5,"ano":2008,"numero_protocolo":null,"data_apresentacao":"2008-02-26","tipo_apresentacao":"O","data_publicacao":"2008-02-29","numero_origem_externa":"5","ano_origem_externa":2008,"data_origem_externa":"2008-02-26","apelido":"","dias_prazo":null,"data_fim_prazo":null,"em_tramitacao":false,"polemica":false,"objeto":"","complementar":false,"ementa":"SOLICITA QUE SEJA ENVIADO OF\u00cdCIO AO PREFEITO DE IGARASSU, SR. SEVERINO DE SOUZA SILVA, SOLICITANDO A REVITALIZA\u00c7\u00c3O DA FEIRA LIVRE DE IGARASSU, EM ESPECIAL NO GALP\u00c3O ONDE FUNCIONA A FEIRA DA SULANCA, COM A SUBSTITUI\u00c7\u00c3O DAS TELHAS DE AMIANTO, BEM COMO, QUE SEJAM TOMADAS MEDIDAS NO SENTIDO DE FACILITAR O ACESSO AQUELA \u00c1REA DE COM\u00c9RCIO.","indexacao":"REVITALIZACAO, FEIRA, LIVRE, SULANCA","observacao":"","resultado":"","texto_original":"http://sapl.igarassu.pe.leg.br/media/sapl/public/materialegislativa/2008/1201/1201_texto_integral.jpeg","data_ultima_atualizacao":"2018-03-16T14:38:49.367074-03:00","ip":"","ultima_edicao":null,"tipo":8,"regime_tramitacao":1,"tipo_origem_externa":8,"local_origem_externa":null,"user":null,"anexadas":[],"autores":[32]}