{"id":12290,"__str__":"Indica\u00e7\u00e3o n\u00ba 787 de 2022","link_detail_backend":"/materia/12290","metadata":{},"numero":787,"ano":2022,"numero_protocolo":null,"data_apresentacao":"2022-07-20","tipo_apresentacao":"E","data_publicacao":null,"numero_origem_externa":"","ano_origem_externa":null,"data_origem_externa":null,"apelido":"","dias_prazo":null,"data_fim_prazo":null,"em_tramitacao":false,"polemica":false,"objeto":"","complementar":false,"ementa":"INDICA QUE SEJA ENCAMINHADO OF\u00cdCIO \u00c0 CHEFE DO PODER EXECUTIVO MUNICIPAL DE IGARASSU, SRA. ELCIONE DA SILVA RAMOS PEDROZA BARBOSA, SOLICITANDO DA MESMA, ATRAV\u00c9S DA SECRETARIA COMPETENTE, A INSTALA\u00c7\u00c3O DE PLACAS QUE INDIQUEM O TR\u00c1FEGO DE CICLISTAS, COM CAR\u00c1TER PREVENTIVO, EM ORDEM \u00c0 EVITAR ACIDENTES, SOBRETUDO FATAIS, NA \u00c1REA DE BOMFIM I E II","indexacao":"","observacao":"","resultado":"","texto_original":"http://sapl.igarassu.pe.leg.br/media/sapl/public/materialegislativa/2022/12290/indicacao-no787-2022-instalacao_de_placas_que_indiquem_o_trafego_de_ciclistas_com_carater_preventivo_em_ordem_a_evita-anderson.pdf","data_ultima_atualizacao":"2022-07-28T11:16:11.756431-03:00","ip":"128.201.197.255","ultima_edicao":"2022-07-28T11:16:11.697184-03:00","tipo":8,"regime_tramitacao":1,"tipo_origem_externa":null,"local_origem_externa":null,"user":53,"anexadas":[],"autores":[78]}