{"id":12314,"__str__":"Indica\u00e7\u00e3o n\u00ba 809 de 2022","link_detail_backend":"/materia/12314","metadata":{},"numero":809,"ano":2022,"numero_protocolo":null,"data_apresentacao":"2022-07-25","tipo_apresentacao":"E","data_publicacao":null,"numero_origem_externa":"","ano_origem_externa":null,"data_origem_externa":null,"apelido":"","dias_prazo":null,"data_fim_prazo":null,"em_tramitacao":false,"polemica":false,"objeto":"","complementar":false,"ementa":"INDICA QUE SEJA ENCAMINHADO OF\u00cdCIO \u00c0 CHEFE DO PODER EXECUTIVO MUNICIPAL DE IGARASSU, SRA. ELCIONE DA SILVA RAMOS PEDROZA BARBOSA, SOLICITANDO DA MESMA, ATRAV\u00c9S DA SECRETARIA COMPETENTE, SUGERINDO QUE A ADMINISTRA\u00c7\u00c3O MUNICIPAL ENCAMINHE PROJETO DE LEI AO PODER LEGISLATIVO QUE ESTABELE\u00c7A A CRIA\u00c7\u00c3O DE UM PROGRAMA SOBRE A INCLUS\u00c3O DO ESTUDO DE EDUCA\u00c7\u00c3O ALIMENTAR E NUTRICIONAL COMO TEMA TRANSVERSAL NO CURR\u00cdCULO DE EDUCA\u00c7\u00c3O INFANTIL E ENSINO FUNDAMENTAL DAS ESCOLAS DA REDE MUNICIPAL DE ENSINO.","indexacao":"","observacao":"","resultado":"","texto_original":null,"data_ultima_atualizacao":"2022-07-25T12:02:47.122216-03:00","ip":"177.177.129.102","ultima_edicao":"2022-07-25T12:02:15.702901-03:00","tipo":8,"regime_tramitacao":1,"tipo_origem_externa":null,"local_origem_externa":null,"user":53,"anexadas":[],"autores":[27]}