{"id":12466,"__str__":"Indica\u00e7\u00e3o n\u00ba 944 de 2022","link_detail_backend":"/materia/12466","metadata":{},"numero":944,"ano":2022,"numero_protocolo":null,"data_apresentacao":"2022-08-15","tipo_apresentacao":"E","data_publicacao":null,"numero_origem_externa":"","ano_origem_externa":null,"data_origem_externa":null,"apelido":"","dias_prazo":null,"data_fim_prazo":null,"em_tramitacao":false,"polemica":false,"objeto":"","complementar":false,"ementa":"INDICA QUE SEJA ENCAMINHADO OF\u00cdCIO A CHEFE DO PODER EXECUTIVO MUNICIPAL DE IGARASSU, SRA. ELCIONE DA SILVA RAMOS PEDROZA BARBOSA, SOLICITANDO DA MESMA, ATRAV\u00c9S DA SECRETARIA DE SA\u00daDE PARA QUE PROVIDENCIE A IMPRESS\u00c3O E DISTRIBUI\u00c7\u00c3O DE CART\u00d5ES DE VACINA\u00c7\u00c3O CONTRA O SARS-COV-2 (NOVO CORONAV\u00cdRUS), EM BRAILLE PARA OS DEFICIENTES VISUAIS, E A DISPONIBILIZA\u00c7\u00c3O DE UM INT\u00c9RPRETE DE LIBRAS EM CADA POSTO DE VACINA\u00c7\u00c3O PARA OS DEFICIENTES AUDITIVOS, PROMOVENDO ASSIM A ACESSIBILIDADES DESTA CLASSE NO ROL DE IMUNIZA\u00c7\u00c3O DA COVID-19.","indexacao":"","observacao":"","resultado":"","texto_original":"http://sapl.igarassu.pe.leg.br/media/sapl/public/materialegislativa/2022/12466/indicacao-no944-2022-impressao_e_distribuicao_de_cartoes_de_vacinacao_contra_o_sars-cov-2_novo_coronavirus_em_braille_para_os_deficientes_visuais_e_a_disponibiliza-erica.pdf","data_ultima_atualizacao":"2022-08-30T13:25:23.693591-03:00","ip":"128.201.197.255","ultima_edicao":"2022-08-30T13:25:23.596167-03:00","tipo":8,"regime_tramitacao":1,"tipo_origem_externa":null,"local_origem_externa":null,"user":53,"anexadas":[],"autores":[27]}