{"id":12626,"__str__":"Indica\u00e7\u00e3o n\u00ba 1089 de 2022","link_detail_backend":"/materia/12626","metadata":{},"numero":1089,"ano":2022,"numero_protocolo":null,"data_apresentacao":"2022-11-07","tipo_apresentacao":"E","data_publicacao":null,"numero_origem_externa":"","ano_origem_externa":null,"data_origem_externa":null,"apelido":"","dias_prazo":null,"data_fim_prazo":null,"em_tramitacao":false,"polemica":false,"objeto":"","complementar":false,"ementa":"INDICA QUE SEJA ENCAMINHADO OF\u00cdCIO \u00c0 CHEFE DO PODER EXECUTIVO MUNICIPAL DE IGARASSU, SRA. ELCIONE DA SILVA RAMOS PEDROZA BARBOSA, SOLICITANDO DA MESMA, ATRAV\u00c9S DA SECRETARIA COMPETENTE, PARA QUE SEJA CRIADO E DESENVOLVIDO UM CONJUNTO DE A\u00c7\u00d5ES E CAMPANHAS DE CONSCIENTIZA\u00c7\u00c3O E COMBATE AO CAPACITISMO NAS ESCOLAS DO MUNIC\u00cdPIO DE IGARASSU.","indexacao":"","observacao":"","resultado":"","texto_original":"http://sapl.igarassu.pe.leg.br/media/sapl/public/materialegislativa/2022/12626/indicacao-no1089-2022-para_que_seja_criado_e_desenvolvido_um_conjunto_de_acoes_e_campanhas_de_conscientizacao_e_combate_ao_capacitismo_nas_esc-prazeres.pdf","data_ultima_atualizacao":"2022-11-10T13:29:40.627603-03:00","ip":"128.201.197.255","ultima_edicao":"2022-11-10T13:29:40.532408-03:00","tipo":8,"regime_tramitacao":1,"tipo_origem_externa":null,"local_origem_externa":null,"user":53,"anexadas":[],"autores":[34]}