{"id":16757,"__str__":"Indica\u00e7\u00e3o n\u00ba 1165 de 2025","link_detail_backend":"/materia/16757","metadata":{},"numero":1165,"ano":2025,"numero_protocolo":null,"data_apresentacao":"2025-07-31","tipo_apresentacao":"E","data_publicacao":null,"numero_origem_externa":"","ano_origem_externa":null,"data_origem_externa":null,"apelido":"","dias_prazo":null,"data_fim_prazo":null,"em_tramitacao":false,"polemica":false,"objeto":"","complementar":false,"ementa":"INDICA QUE SEJA ENCAMINHADO OF\u00cdCIO \u00c0 CHEFE DO PODER EXECUTIVO MUNICIPAL DE IGARASSU, SRA. ELCIONE DA SILVA RAMOS PEDROZA BARBOSA, SOLICITANDO DA MESMA, ATRAV\u00c9S DA SECRETARIA COMPETENTE, A CRIA\u00c7\u00c3O DE UMA COORDENA\u00c7\u00c3O MUNICIPAL DE BEM-ESTAR ANIMAL, VINCULADA \u00c0 SECRETARIA DE SA\u00daDE OU MEIO AMBIENTE, COM O OBJETIVO DE AMPLIAR, COORDENAR E FISCALIZAR AS A\u00c7\u00d5ES PRIVILEGIADAS \u00c0 CAUSA ANIMAL NO MUNIC\u00cdPIO.","indexacao":"","observacao":"","resultado":"","texto_original":"http://sapl.igarassu.pe.leg.br/media/sapl/public/materialegislativa/2025/16757/indicacao-n1165-2025-elvis.pdf","data_ultima_atualizacao":"2025-08-07T12:45:45.814918-03:00","ip":"128.201.197.54","ultima_edicao":"2025-08-07T12:45:45.661270-03:00","tipo":8,"regime_tramitacao":1,"tipo_origem_externa":null,"local_origem_externa":null,"user":53,"anexadas":[],"autores":[63]}