{"id":17442,"__str__":"Mo\u00e7\u00e3o n\u00ba 104 de 2025","link_detail_backend":"/materia/17442","metadata":{},"numero":104,"ano":2025,"numero_protocolo":null,"data_apresentacao":"2025-12-09","tipo_apresentacao":"E","data_publicacao":null,"numero_origem_externa":"","ano_origem_externa":null,"data_origem_externa":null,"apelido":"","dias_prazo":null,"data_fim_prazo":null,"em_tramitacao":false,"polemica":false,"objeto":"","complementar":false,"ementa":"O Vereador que esta subscreve, requer junto \u00e0 Mesa Diretora, que seja consignado na ata de trabalhos de hoje, uma mo\u00e7\u00e3o de aplausos para \u00e0 Sra. Ana Heloine Cabral de Andrade, Profissional de Educa\u00e7\u00e3o F\u00edsica \u2013 CREF 009778-G/PE, em reconhecimento \u00e0 sua relevante atua\u00e7\u00e3o na promo\u00e7\u00e3o da sa\u00fade, da preven\u00e7\u00e3o de doen\u00e7as cr\u00f4nicas e no incentivo a um estilo de vida mais ativo em nossa cidade.","indexacao":"","observacao":"","resultado":"","texto_original":"http://sapl.igarassu.pe.leg.br/media/sapl/public/materialegislativa/2025/17442/mocao-n104-2025-ver._anderson.pdf","data_ultima_atualizacao":"2026-01-07T11:42:08.737416-03:00","ip":"177.36.21.30","ultima_edicao":"2026-01-07T11:42:08.616223-03:00","tipo":7,"regime_tramitacao":1,"tipo_origem_externa":null,"local_origem_externa":null,"user":53,"anexadas":[],"autores":[78]}