{"id":5915,"__str__":"Anexo n\u00ba 2 de 2018","link_detail_backend":"/materia/5915","metadata":{},"numero":2,"ano":2018,"numero_protocolo":null,"data_apresentacao":"2018-07-19","tipo_apresentacao":"E","data_publicacao":null,"numero_origem_externa":"","ano_origem_externa":null,"data_origem_externa":null,"apelido":"","dias_prazo":null,"data_fim_prazo":null,"em_tramitacao":false,"polemica":null,"objeto":"","complementar":null,"ementa":"EMENDA MODIFICATIVA AO PROJETO DE LEI COMPLEMENTAR N\u00ba 089/2018, DE AUTORIA DO CHEFE DO PODER EXECUTIVO, O QUAL INDICA OS PAR\u00c2METROS URBAN\u00cdSTICOS PARA REGULARIZA\u00c7\u00c3O DE EDIFICA\u00c7\u00d5ES EXISTENTES EM DESCONFORMIDADE COM AS NORMAS VIGENTES AT\u00c9 A DATA DO IN\u00cdCIO DE VIG\u00caNCIA DESTA LEI, E DISP\u00d5E SOBRE A ALTERA\u00c7\u00c3O DE \u00cdNDICES URBAN\u00cdSTICOS, TIPOLOGIA E NOMENCLATURA DA LEI N\u00ba 2.466/2003 E NA LEI COMPLEMENTAR N\u00ba 045/2015, QUANTO AO USO E OCUPA\u00c7\u00c3O DO SOLO PARA AS MACROZONAS MZ2 E MZ3. (TO%, TABELA 43 DO ANEXO II, PASSANDO DE 50% PARA 55%)","indexacao":"","observacao":"","resultado":"","texto_original":"http://sapl.igarassu.pe.leg.br/media/sapl/public/materialegislativa/2018/5915/anexo-2-emenda-2-vereador_afonso_geraldo.pdf","data_ultima_atualizacao":"2018-08-09T09:20:24.981153-03:00","ip":"","ultima_edicao":null,"tipo":10,"regime_tramitacao":1,"tipo_origem_externa":null,"local_origem_externa":null,"user":null,"anexadas":[],"autores":[28]}